{"id":3041,"date":"2022-08-22T09:46:49","date_gmt":"2022-08-22T09:46:49","guid":{"rendered":"https:\/\/tavferhoteis.pt\/ferme-du-cedre\/"},"modified":"2022-08-22T09:46:49","modified_gmt":"2022-08-22T09:46:49","slug":"ferme-du-cedre","status":"publish","type":"post","link":"https:\/\/tavferhoteis.pt\/fr\/ferme-du-cedre\/","title":{"rendered":"FERME DU CEDRE"},"content":{"rendered":"","protected":false},"excerpt":{"rendered":"<p>L&rsquo;h\u00f4tel Quinta dos Cedros \u00e0 Celorico da Beira, avec 108 lits, une salle de congr\u00e8s, un bar et un restaurant, dans l&rsquo;un des meilleurs acc\u00e8s \u00e0 l&rsquo;A25 entre Aveiro et Vilar Formoso.<\/p>\n","protected":false},"author":1,"featured_media":0,"comment_status":"open","ping_status":"open","sticky":false,"template":"","format":"standard","meta":{"_et_pb_use_builder":"on","_et_pb_old_content":"","_et_gb_content_width":"","footnotes":""},"categories":[51],"tags":[],"class_list":["post-3041","post","type-post","status-publish","format-standard","hentry","category-hotels-fr"],"yoast_head":"<!-- This site is optimized with the Yoast SEO plugin v21.5 - https:\/\/yoast.com\/wordpress\/plugins\/seo\/ -->\n<title>FERME DU CEDRE - Tavfer Hoteis<\/title>\n<meta name=\"robots\" content=\"index, follow, max-snippet:-1, max-image-preview:large, max-video-preview:-1\" \/>\n<link rel=\"canonical\" href=\"https:\/\/tavferhoteis.pt\/fr\/ferme-du-cedre\/\" \/>\n<meta property=\"og:locale\" content=\"fr_FR\" \/>\n<meta property=\"og:type\" content=\"article\" \/>\n<meta property=\"og:title\" content=\"FERME DU CEDRE - Tavfer Hoteis\" \/>\n<meta property=\"og:description\" content=\"L&#039;h\u00f4tel Quinta dos Cedros \u00e0 Celorico da Beira, avec 108 lits, une salle de congr\u00e8s, un bar et un restaurant, dans l&#039;un des meilleurs acc\u00e8s \u00e0 l&#039;A25 entre Aveiro et Vilar Formoso.\" \/>\n<meta property=\"og:url\" content=\"https:\/\/tavferhoteis.pt\/fr\/ferme-du-cedre\/\" \/>\n<meta property=\"og:site_name\" content=\"Tavfer Hoteis\" \/>\n<meta property=\"article:publisher\" content=\"https:\/\/www.facebook.com\/tavferhoteis\" \/>\n<meta property=\"article:published_time\" content=\"2022-08-22T09:46:49+00:00\" \/>\n<meta name=\"author\" content=\"admin\" \/>\n<meta name=\"twitter:card\" content=\"summary_large_image\" \/>\n<meta name=\"twitter:label1\" content=\"\u00c9crit par\" \/>\n\t<meta name=\"twitter:data1\" content=\"admin\" \/>\n<script type=\"application\/ld+json\" class=\"yoast-schema-graph\">{\"@context\":\"https:\/\/schema.org\",\"@graph\":[{\"@type\":\"Article\",\"@id\":\"https:\/\/tavferhoteis.pt\/fr\/ferme-du-cedre\/#article\",\"isPartOf\":{\"@id\":\"https:\/\/tavferhoteis.pt\/fr\/ferme-du-cedre\/\"},\"author\":{\"name\":\"admin\",\"@id\":\"https:\/\/tavferhoteis.pt\/#\/schema\/person\/f6d1484ea928bd149f87a40acf575210\"},\"headline\":\"FERME DU CEDRE\",\"datePublished\":\"2022-08-22T09:46:49+00:00\",\"dateModified\":\"2022-08-22T09:46:49+00:00\",\"mainEntityOfPage\":{\"@id\":\"https:\/\/tavferhoteis.pt\/fr\/ferme-du-cedre\/\"},\"wordCount\":3,\"commentCount\":0,\"publisher\":{\"@id\":\"https:\/\/tavferhoteis.pt\/#organization\"},\"articleSection\":[\"H\u00f4tels\"],\"inLanguage\":\"fr-FR\",\"potentialAction\":[{\"@type\":\"CommentAction\",\"name\":\"Comment\",\"target\":[\"https:\/\/tavferhoteis.pt\/fr\/ferme-du-cedre\/#respond\"]}]},{\"@type\":\"WebPage\",\"@id\":\"https:\/\/tavferhoteis.pt\/fr\/ferme-du-cedre\/\",\"url\":\"https:\/\/tavferhoteis.pt\/fr\/ferme-du-cedre\/\",\"name\":\"FERME DU CEDRE - Tavfer Hoteis\",\"isPartOf\":{\"@id\":\"https:\/\/tavferhoteis.pt\/#website\"},\"datePublished\":\"2022-08-22T09:46:49+00:00\",\"dateModified\":\"2022-08-22T09:46:49+00:00\",\"breadcrumb\":{\"@id\":\"https:\/\/tavferhoteis.pt\/fr\/ferme-du-cedre\/#breadcrumb\"},\"inLanguage\":\"fr-FR\",\"potentialAction\":[{\"@type\":\"ReadAction\",\"target\":[\"https:\/\/tavferhoteis.pt\/fr\/ferme-du-cedre\/\"]}]},{\"@type\":\"BreadcrumbList\",\"@id\":\"https:\/\/tavferhoteis.pt\/fr\/ferme-du-cedre\/#breadcrumb\",\"itemListElement\":[{\"@type\":\"ListItem\",\"position\":1,\"name\":\"In\u00edcio\",\"item\":\"https:\/\/tavferhoteis.pt\/fr\/\"},{\"@type\":\"ListItem\",\"position\":2,\"name\":\"FERME DU CEDRE\"}]},{\"@type\":\"WebSite\",\"@id\":\"https:\/\/tavferhoteis.pt\/#website\",\"url\":\"https:\/\/tavferhoteis.pt\/\",\"name\":\"Tavfer Hoteis\",\"description\":\"Tavfer hoteis\",\"publisher\":{\"@id\":\"https:\/\/tavferhoteis.pt\/#organization\"},\"potentialAction\":[{\"@type\":\"SearchAction\",\"target\":{\"@type\":\"EntryPoint\",\"urlTemplate\":\"https:\/\/tavferhoteis.pt\/?s={search_term_string}\"},\"query-input\":\"required name=search_term_string\"}],\"inLanguage\":\"fr-FR\"},{\"@type\":\"Organization\",\"@id\":\"https:\/\/tavferhoteis.pt\/#organization\",\"name\":\"Tavfer Hoteis\",\"url\":\"https:\/\/tavferhoteis.pt\/\",\"logo\":{\"@type\":\"ImageObject\",\"inLanguage\":\"fr-FR\",\"@id\":\"https:\/\/tavferhoteis.pt\/#\/schema\/logo\/image\/\",\"url\":\"https:\/\/tavferhoteis.pt\/wp-content\/uploads\/2023\/01\/logo-header.png\",\"contentUrl\":\"https:\/\/tavferhoteis.pt\/wp-content\/uploads\/2023\/01\/logo-header.png\",\"width\":219,\"height\":46,\"caption\":\"Tavfer Hoteis\"},\"image\":{\"@id\":\"https:\/\/tavferhoteis.pt\/#\/schema\/logo\/image\/\"},\"sameAs\":[\"https:\/\/www.facebook.com\/tavferhoteis\"]},{\"@type\":\"Person\",\"@id\":\"https:\/\/tavferhoteis.pt\/#\/schema\/person\/f6d1484ea928bd149f87a40acf575210\",\"name\":\"admin\",\"image\":{\"@type\":\"ImageObject\",\"inLanguage\":\"fr-FR\",\"@id\":\"https:\/\/tavferhoteis.pt\/#\/schema\/person\/image\/\",\"url\":\"https:\/\/secure.gravatar.com\/avatar\/42f4d092ca071cf8b61749a6130b1e6414dce38362df71a3b222f22d355fb1ee?s=96&d=mm&r=g\",\"contentUrl\":\"https:\/\/secure.gravatar.com\/avatar\/42f4d092ca071cf8b61749a6130b1e6414dce38362df71a3b222f22d355fb1ee?s=96&d=mm&r=g\",\"caption\":\"admin\"},\"sameAs\":[\"https:\/\/tavferhoteis.pt\"],\"url\":\"https:\/\/tavferhoteis.pt\/fr\/author\/admin\/\"}]}<\/script>\n<!-- \/ Yoast SEO plugin. -->","yoast_head_json":{"title":"FERME DU CEDRE - Tavfer Hoteis","robots":{"index":"index","follow":"follow","max-snippet":"max-snippet:-1","max-image-preview":"max-image-preview:large","max-video-preview":"max-video-preview:-1"},"canonical":"https:\/\/tavferhoteis.pt\/fr\/ferme-du-cedre\/","og_locale":"fr_FR","og_type":"article","og_title":"FERME DU CEDRE - Tavfer Hoteis","og_description":"L'h\u00f4tel Quinta dos Cedros \u00e0 Celorico da Beira, avec 108 lits, une salle de congr\u00e8s, un bar et un restaurant, dans l'un des meilleurs acc\u00e8s \u00e0 l'A25 entre Aveiro et Vilar Formoso.","og_url":"https:\/\/tavferhoteis.pt\/fr\/ferme-du-cedre\/","og_site_name":"Tavfer Hoteis","article_publisher":"https:\/\/www.facebook.com\/tavferhoteis","article_published_time":"2022-08-22T09:46:49+00:00","author":"admin","twitter_card":"summary_large_image","twitter_misc":{"\u00c9crit par":"admin"},"schema":{"@context":"https:\/\/schema.org","@graph":[{"@type":"Article","@id":"https:\/\/tavferhoteis.pt\/fr\/ferme-du-cedre\/#article","isPartOf":{"@id":"https:\/\/tavferhoteis.pt\/fr\/ferme-du-cedre\/"},"author":{"name":"admin","@id":"https:\/\/tavferhoteis.pt\/#\/schema\/person\/f6d1484ea928bd149f87a40acf575210"},"headline":"FERME DU CEDRE","datePublished":"2022-08-22T09:46:49+00:00","dateModified":"2022-08-22T09:46:49+00:00","mainEntityOfPage":{"@id":"https:\/\/tavferhoteis.pt\/fr\/ferme-du-cedre\/"},"wordCount":3,"commentCount":0,"publisher":{"@id":"https:\/\/tavferhoteis.pt\/#organization"},"articleSection":["H\u00f4tels"],"inLanguage":"fr-FR","potentialAction":[{"@type":"CommentAction","name":"Comment","target":["https:\/\/tavferhoteis.pt\/fr\/ferme-du-cedre\/#respond"]}]},{"@type":"WebPage","@id":"https:\/\/tavferhoteis.pt\/fr\/ferme-du-cedre\/","url":"https:\/\/tavferhoteis.pt\/fr\/ferme-du-cedre\/","name":"FERME DU CEDRE - Tavfer Hoteis","isPartOf":{"@id":"https:\/\/tavferhoteis.pt\/#website"},"datePublished":"2022-08-22T09:46:49+00:00","dateModified":"2022-08-22T09:46:49+00:00","breadcrumb":{"@id":"https:\/\/tavferhoteis.pt\/fr\/ferme-du-cedre\/#breadcrumb"},"inLanguage":"fr-FR","potentialAction":[{"@type":"ReadAction","target":["https:\/\/tavferhoteis.pt\/fr\/ferme-du-cedre\/"]}]},{"@type":"BreadcrumbList","@id":"https:\/\/tavferhoteis.pt\/fr\/ferme-du-cedre\/#breadcrumb","itemListElement":[{"@type":"ListItem","position":1,"name":"In\u00edcio","item":"https:\/\/tavferhoteis.pt\/fr\/"},{"@type":"ListItem","position":2,"name":"FERME DU CEDRE"}]},{"@type":"WebSite","@id":"https:\/\/tavferhoteis.pt\/#website","url":"https:\/\/tavferhoteis.pt\/","name":"Tavfer Hoteis","description":"Tavfer hoteis","publisher":{"@id":"https:\/\/tavferhoteis.pt\/#organization"},"potentialAction":[{"@type":"SearchAction","target":{"@type":"EntryPoint","urlTemplate":"https:\/\/tavferhoteis.pt\/?s={search_term_string}"},"query-input":"required name=search_term_string"}],"inLanguage":"fr-FR"},{"@type":"Organization","@id":"https:\/\/tavferhoteis.pt\/#organization","name":"Tavfer Hoteis","url":"https:\/\/tavferhoteis.pt\/","logo":{"@type":"ImageObject","inLanguage":"fr-FR","@id":"https:\/\/tavferhoteis.pt\/#\/schema\/logo\/image\/","url":"https:\/\/tavferhoteis.pt\/wp-content\/uploads\/2023\/01\/logo-header.png","contentUrl":"https:\/\/tavferhoteis.pt\/wp-content\/uploads\/2023\/01\/logo-header.png","width":219,"height":46,"caption":"Tavfer Hoteis"},"image":{"@id":"https:\/\/tavferhoteis.pt\/#\/schema\/logo\/image\/"},"sameAs":["https:\/\/www.facebook.com\/tavferhoteis"]},{"@type":"Person","@id":"https:\/\/tavferhoteis.pt\/#\/schema\/person\/f6d1484ea928bd149f87a40acf575210","name":"admin","image":{"@type":"ImageObject","inLanguage":"fr-FR","@id":"https:\/\/tavferhoteis.pt\/#\/schema\/person\/image\/","url":"https:\/\/secure.gravatar.com\/avatar\/42f4d092ca071cf8b61749a6130b1e6414dce38362df71a3b222f22d355fb1ee?s=96&d=mm&r=g","contentUrl":"https:\/\/secure.gravatar.com\/avatar\/42f4d092ca071cf8b61749a6130b1e6414dce38362df71a3b222f22d355fb1ee?s=96&d=mm&r=g","caption":"admin"},"sameAs":["https:\/\/tavferhoteis.pt"],"url":"https:\/\/tavferhoteis.pt\/fr\/author\/admin\/"}]}},"_links":{"self":[{"href":"https:\/\/tavferhoteis.pt\/fr\/wp-json\/wp\/v2\/posts\/3041","targetHints":{"allow":["GET"]}}],"collection":[{"href":"https:\/\/tavferhoteis.pt\/fr\/wp-json\/wp\/v2\/posts"}],"about":[{"href":"https:\/\/tavferhoteis.pt\/fr\/wp-json\/wp\/v2\/types\/post"}],"author":[{"embeddable":true,"href":"https:\/\/tavferhoteis.pt\/fr\/wp-json\/wp\/v2\/users\/1"}],"replies":[{"embeddable":true,"href":"https:\/\/tavferhoteis.pt\/fr\/wp-json\/wp\/v2\/comments?post=3041"}],"version-history":[{"count":0,"href":"https:\/\/tavferhoteis.pt\/fr\/wp-json\/wp\/v2\/posts\/3041\/revisions"}],"wp:attachment":[{"href":"https:\/\/tavferhoteis.pt\/fr\/wp-json\/wp\/v2\/media?parent=3041"}],"wp:term":[{"taxonomy":"category","embeddable":true,"href":"https:\/\/tavferhoteis.pt\/fr\/wp-json\/wp\/v2\/categories?post=3041"},{"taxonomy":"post_tag","embeddable":true,"href":"https:\/\/tavferhoteis.pt\/fr\/wp-json\/wp\/v2\/tags?post=3041"}],"curies":[{"name":"wp","href":"https:\/\/api.w.org\/{rel}","templated":true}]}}